{"id":1211,"date":"2025-11-21T14:50:12","date_gmt":"2025-11-21T13:50:12","guid":{"rendered":"https:\/\/www.laurensoff.com\/wordpress\/?p=1211"},"modified":"2025-11-21T14:50:35","modified_gmt":"2025-11-21T13:50:35","slug":"les-stentors-chantent-noel-a-la-basilique-de-saint-maximin-la-sainte-baume-le-19-12-et-a-leglise-de-bandol-le-20-12","status":"publish","type":"post","link":"https:\/\/www.laurensoff.com\/wordpress\/les-stentors-chantent-noel-a-la-basilique-de-saint-maximin-la-sainte-baume-le-19-12-et-a-leglise-de-bandol-le-20-12\/","title":{"rendered":"Les Stentors chantent No\u00ebl \u00e0 la #Basilique de Saint Maximin la Sainte Baume le 19\/12 et \u00e0 l\u2019\u00c9glise de #bandol le 20\/12"},"content":{"rendered":"<p>TV SUD \/<span class=\"x1xsqp64 xiy17q3 x1o6pynw x19co3pv xdj266r xjn30re xat24cr x1hb08if x2b8uid\" data-testid=\"emoji\"><span class=\"xexx8yu xcaqkgz x18d9i69 xbwkkl7 x3jgonx x1bhl96m\">\ud83c\udfb6<\/span><\/span> <span class=\"xv78j7m\" spellcheck=\"false\">Les Stentors<\/span> chantent No\u00ebl \u00e0 la #Basilique de <span class=\"xv78j7m\" spellcheck=\"false\">Saint Maximin la Sainte Baume<\/span> le 19\/12 et \u00e0 l\u2019\u00c9glise de <span class=\"xv78j7m\" spellcheck=\"false\">#bandol<\/span> le 20\/12<\/p>\n<p><iframe loading=\"lazy\" title=\"TV SUD \/\ud83c\udfb6 Les Stentors chantent No\u00ebl \u00e0 la Basilique de Saint-Maximin et \u00e0 l\u2019\u00c9glise de Bandol.\" src=\"https:\/\/www.youtube.com\/embed\/6sUv68S4-W0\" width=\"540\" height=\"300\" frameborder=\"0\" allowfullscreen=\"allowfullscreen\"><\/iframe><\/p>\n<p>&nbsp;<\/p>\n","protected":false},"excerpt":{"rendered":"<p>TV SUD \/\ud83c\udfb6 Les Stentors chantent No\u00ebl \u00e0 la #Basilique de Saint Maximin la Sainte&#8230;<\/p>\n","protected":false},"author":1,"featured_media":1212,"comment_status":"open","ping_status":"closed","sticky":false,"template":"","format":"standard","meta":{"_bbp_topic_count":0,"_bbp_reply_count":0,"_bbp_total_topic_count":0,"_bbp_total_reply_count":0,"_bbp_voice_count":0,"_bbp_anonymous_reply_count":0,"_bbp_topic_count_hidden":0,"_bbp_reply_count_hidden":0,"_bbp_forum_subforum_count":0,"_crdt_document":"","_jetpack_memberships_contains_paid_content":false,"footnotes":"","jetpack_publicize_message":"","jetpack_publicize_feature_enabled":true,"jetpack_social_post_already_shared":true,"jetpack_social_options":{"image_generator_settings":{"template":"highway","default_image_id":0,"font":"","enabled":false},"version":2}},"categories":[643,344,508,228,506],"tags":[658,660,659],"class_list":["post-1211","post","type-post","status-publish","format-standard","has-post-thumbnail","hentry","category-agenda","category-artiste","category-christmas","category-concert","category-noel","tag-les-stentors","tag-tenor","tag-trio"],"jetpack_publicize_connections":[],"jetpack_featured_media_url":"https:\/\/www.laurensoff.com\/wordpress\/wp-content\/uploads\/2025\/11\/news1.00_04_30_06.Still031.jpg","jetpack_sharing_enabled":true,"_links":{"self":[{"href":"https:\/\/www.laurensoff.com\/wordpress\/wp-json\/wp\/v2\/posts\/1211","targetHints":{"allow":["GET"]}}],"collection":[{"href":"https:\/\/www.laurensoff.com\/wordpress\/wp-json\/wp\/v2\/posts"}],"about":[{"href":"https:\/\/www.laurensoff.com\/wordpress\/wp-json\/wp\/v2\/types\/post"}],"author":[{"embeddable":true,"href":"https:\/\/www.laurensoff.com\/wordpress\/wp-json\/wp\/v2\/users\/1"}],"replies":[{"embeddable":true,"href":"https:\/\/www.laurensoff.com\/wordpress\/wp-json\/wp\/v2\/comments?post=1211"}],"version-history":[{"count":1,"href":"https:\/\/www.laurensoff.com\/wordpress\/wp-json\/wp\/v2\/posts\/1211\/revisions"}],"predecessor-version":[{"id":1213,"href":"https:\/\/www.laurensoff.com\/wordpress\/wp-json\/wp\/v2\/posts\/1211\/revisions\/1213"}],"wp:featuredmedia":[{"embeddable":true,"href":"https:\/\/www.laurensoff.com\/wordpress\/wp-json\/wp\/v2\/media\/1212"}],"wp:attachment":[{"href":"https:\/\/www.laurensoff.com\/wordpress\/wp-json\/wp\/v2\/media?parent=1211"}],"wp:term":[{"taxonomy":"category","embeddable":true,"href":"https:\/\/www.laurensoff.com\/wordpress\/wp-json\/wp\/v2\/categories?post=1211"},{"taxonomy":"post_tag","embeddable":true,"href":"https:\/\/www.laurensoff.com\/wordpress\/wp-json\/wp\/v2\/tags?post=1211"}],"curies":[{"name":"wp","href":"https:\/\/api.w.org\/{rel}","templated":true}]}}