{"id":1201,"date":"2025-11-21T12:02:35","date_gmt":"2025-11-21T11:02:35","guid":{"rendered":"https:\/\/www.laurensoff.com\/wordpress\/?p=1201"},"modified":"2025-11-21T12:16:56","modified_gmt":"2025-11-21T11:16:56","slug":"miss-univers-2025-eve-gilles-dans-le-top-30-fatima-bosch-miss-mexique-couronnee-ophely-mezino-parmi-les-12-finalistes","status":"publish","type":"post","link":"https:\/\/www.laurensoff.com\/wordpress\/miss-univers-2025-eve-gilles-dans-le-top-30-fatima-bosch-miss-mexique-couronnee-ophely-mezino-parmi-les-12-finalistes\/","title":{"rendered":"Miss Univers 2025 : \u00c8ve Gilles dans le top 30 Fatima Bosch (Miss Mexique) couronn\u00e9e, Oph\u00e9ly M\u00e9zino parmi les 12 finalistes"},"content":{"rendered":"<h1 class=\"fig-headline fig-pagination__hidden\">Miss Univers 2025\u00a0: Fatima Bosch (Miss Mexique) couronn\u00e9e, Oph\u00e9ly M\u00e9zino parmi les 12 finalistes, \u00c8ve Gilles dans le top 30<\/h1>\n<p><img loading=\"lazy\" decoding=\"async\" class=\"alignnone wp-image-1205\" src=\"https:\/\/www.laurensoff.com\/wordpress\/wp-content\/uploads\/2025\/11\/1797305-ophely-mezino-miss-guadeloupe-au-concours-miss-univers-2025.jpg\" alt=\"\" width=\"431\" height=\"287\" srcset=\"https:\/\/www.laurensoff.com\/wordpress\/wp-content\/uploads\/2025\/11\/1797305-ophely-mezino-miss-guadeloupe-au-concours-miss-univers-2025.jpg 770w, https:\/\/www.laurensoff.com\/wordpress\/wp-content\/uploads\/2025\/11\/1797305-ophely-mezino-miss-guadeloupe-au-concours-miss-univers-2025-300x200.jpg 300w, https:\/\/www.laurensoff.com\/wordpress\/wp-content\/uploads\/2025\/11\/1797305-ophely-mezino-miss-guadeloupe-au-concours-miss-univers-2025-768x512.jpg 768w, https:\/\/www.laurensoff.com\/wordpress\/wp-content\/uploads\/2025\/11\/1797305-ophely-mezino-miss-guadeloupe-au-concours-miss-univers-2025-600x400.jpg 600w\" sizes=\"auto, (max-width: 431px) 100vw, 431px\" \/><\/p>\n<div dir=\"auto\"><span class=\"html-span xexx8yu xyri2b x18d9i69 x1c1uobl x1hl2dhg x16tdsg8 x1vvkbs x3nfvp2 x1j61x8r x1fcty0u xdj266r xat24cr xm2jcoa x1mpyi22 xxymvpz xlup9mm x1kky2od\"><img loading=\"lazy\" decoding=\"async\" class=\"xz74otr x15mokao x1ga7v0g x16uus16 xbiv7yw\" src=\"https:\/\/static.xx.fbcdn.net\/images\/emoji.php\/v9\/t48\/1\/16\/1f484.png\" alt=\"\ud83d\udc84\" width=\"16\" height=\"16\" \/><\/span><span class=\"html-span xexx8yu xyri2b x18d9i69 x1c1uobl x1hl2dhg x16tdsg8 x1vvkbs x3nfvp2 x1j61x8r x1fcty0u xdj266r xat24cr xm2jcoa x1mpyi22 xxymvpz xlup9mm x1kky2od\"><img loading=\"lazy\" decoding=\"async\" class=\"xz74otr x15mokao x1ga7v0g x16uus16 xbiv7yw\" src=\"https:\/\/static.xx.fbcdn.net\/images\/emoji.php\/v9\/tc7\/1\/16\/1f483.png\" alt=\"\ud83d\udc83\" width=\"16\" height=\"16\" \/><\/span>MISS UNIVERS 2025 \/ Tha\u00eflande \/ Impensable ? C&rsquo;est o\u00f9 La Guadeloupe ? \u00c7a fait partie de la France ou pas ?<\/div>\n<div dir=\"auto\">Comment deux Miss sont s\u00e9par\u00e9es par un m\u00eame pays ?<\/div>\n<div dir=\"auto\">R\u00e9sultats \/ Miss Univers 2025 : Fatima Bosch (Miss Mexique) couronn\u00e9e, Oph\u00e9ly M\u00e9zino (Miss Guadeloupe) parmi les 12 finalistes, \u00c8ve Gilles (Miss France) dans le top 30.<\/div>\n<p><img loading=\"lazy\" decoding=\"async\" class=\"alignnone wp-image-1202\" src=\"https:\/\/www.laurensoff.com\/wordpress\/wp-content\/uploads\/2025\/11\/images.webp\" alt=\"\" width=\"371\" height=\"216\" srcset=\"https:\/\/www.laurensoff.com\/wordpress\/wp-content\/uploads\/2025\/11\/images.webp 459w, https:\/\/www.laurensoff.com\/wordpress\/wp-content\/uploads\/2025\/11\/images-300x175.webp 300w\" sizes=\"auto, (max-width: 371px) 100vw, 371px\" \/><\/p>\n<p class=\"fig-standfirst\">Le concours de beaut\u00e9 s\u2019est d\u00e9roul\u00e9 dans la nuit du jeudi 20 au vendredi 21 novembre pr\u00e8s de Bangkok et a vu la quatri\u00e8me victoire du Mexique. Deux des quatre Fran\u00e7aises en lice ont obtenu un classement.<\/p>\n<div class=\"fig-content-body\" data-agora-connect-urls=\"{&quot;baseUrl&quot;:&quot;https:\\\/\\\/connect.lefigaro.fr&quot;}\" data-component=\"fig-content-body\" data-context=\"was @visible\" data-id=\"dHZtYWcubGVmaWdhcm8uZnJfXzFmMGM2NzVjLTUxNTktNmFjYS1hYzc5LTZkYzZhMTQxMDc4N19fQXJ0aWNsZQ==\" data-module=\"fig-body\" data-premium=\"false\">\n<p class=\"fig-paragraph\">C\u2019est ce qui s\u2019appelle prendre sa revanche. <strong>Fatima Bosch<\/strong>, Miss Mexique a remport\u00e9 la couronne de\u00a0<a href=\"https:\/\/www.lefigaro.fr\/tag\/miss-univers\" target=\"_blank\" rel=\"noopener\" data-gtm-custom-categorie=\"navigation\" data-gtm-custom-action=\"crossclick\" data-gtm-custom-label=\"Contextuel\" data-gtm-event=\"customEventSPE\"><strong>Miss Univers<\/strong><\/a> \u00a0dans la nuit de jeudi 20 au vendredi 21 novembre \u00e0 Bangkok en Tha\u00eflande face \u00e0 Praveenar Singh, Miss Tha\u00eflande.\u00a0<a href=\"https:\/\/www.lefigaro.fr\/tag\/eve-gilles\" target=\"_blank\" rel=\"noopener\" data-gtm-custom-categorie=\"navigation\" data-gtm-custom-action=\"crossclick\" data-gtm-custom-label=\"Contextuel\" data-gtm-event=\"customEventSPE\"><strong>\u00c8ve Gilles<\/strong><\/a>, la repr\u00e9sentante de la France s\u2019est class\u00e9e dans le top 30 tandis qu\u2019<a href=\"https:\/\/tvmag.lefigaro.fr\/programme-tv\/ophely-mezino-j-aimerais-ramener-la-couronne-de-miss-monde_efac4e96-1dc0-11ea-a0e7-e9356c04d0c7\" target=\"_blank\" rel=\"noopener\" data-fig-type=\"Article\" data-gtm-custom-categorie=\"navigation\" data-gtm-custom-action=\"crossclick\" data-gtm-custom-label=\"Contextuel\" data-gtm-event=\"customEventSPE\" data-fig-domain=\"TVMAG\"><strong>Oph\u00e9ly M\u00e9zino<\/strong><\/a>, Miss Guadeloupe, a d\u00e9croch\u00e9 un top 12.<\/p>\n<\/div>\n<div class=\"fig-wrapper fig-zone-main fig-heading-article\"><\/div>\n<div class=\"fig-sharebar\" data-module=\"fig-sharebar-transversal\" data-context=\"was @visible\" data-state=\"rendered\">\n<div class=\"fig-sharebar-transversal\">\n<div class=\"fig-share-tools\"><\/div>\n<\/div>\n<\/div>\n<figure class=\"fig-media fig-media--type-vid fig-media--main\" data-media-type=\"VID\" data-media-id=\"1f0c69c5-5732-6dbe-80c5-2db59434c0f5\"><\/figure>\n","protected":false},"excerpt":{"rendered":"<p>Miss Univers 2025\u00a0: Fatima Bosch (Miss Mexique) couronn\u00e9e, Oph\u00e9ly M\u00e9zino parmi les 12 finalistes, \u00c8ve&#8230;<\/p>\n","protected":false},"author":1,"featured_media":1203,"comment_status":"open","ping_status":"closed","sticky":false,"template":"","format":"standard","meta":{"_bbp_topic_count":0,"_bbp_reply_count":0,"_bbp_total_topic_count":0,"_bbp_total_reply_count":0,"_bbp_voice_count":0,"_bbp_anonymous_reply_count":0,"_bbp_topic_count_hidden":0,"_bbp_reply_count_hidden":0,"_bbp_forum_subforum_count":0,"_crdt_document":"","_jetpack_memberships_contains_paid_content":false,"footnotes":"","jetpack_publicize_message":"","jetpack_publicize_feature_enabled":true,"jetpack_social_post_already_shared":true,"jetpack_social_options":{"image_generator_settings":{"template":"highway","default_image_id":0,"font":"","enabled":false},"version":2}},"categories":[643,344,86,652,521,358],"tags":[657,653,654,655,523,242,525,656],"class_list":["post-1201","post","type-post","status-publish","format-standard","has-post-thumbnail","hentry","category-agenda","category-artiste","category-festival","category-miss-univers","category-mode","category-world","tag-bangkok","tag-eve-gilles","tag-fatima-bosch","tag-miss","tag-mode","tag-monde","tag-top-model","tag-univers"],"jetpack_publicize_connections":[],"jetpack_featured_media_url":"https:\/\/www.laurensoff.com\/wordpress\/wp-content\/uploads\/2025\/11\/Sans-titre.jpg","jetpack_sharing_enabled":true,"_links":{"self":[{"href":"https:\/\/www.laurensoff.com\/wordpress\/wp-json\/wp\/v2\/posts\/1201","targetHints":{"allow":["GET"]}}],"collection":[{"href":"https:\/\/www.laurensoff.com\/wordpress\/wp-json\/wp\/v2\/posts"}],"about":[{"href":"https:\/\/www.laurensoff.com\/wordpress\/wp-json\/wp\/v2\/types\/post"}],"author":[{"embeddable":true,"href":"https:\/\/www.laurensoff.com\/wordpress\/wp-json\/wp\/v2\/users\/1"}],"replies":[{"embeddable":true,"href":"https:\/\/www.laurensoff.com\/wordpress\/wp-json\/wp\/v2\/comments?post=1201"}],"version-history":[{"count":4,"href":"https:\/\/www.laurensoff.com\/wordpress\/wp-json\/wp\/v2\/posts\/1201\/revisions"}],"predecessor-version":[{"id":1208,"href":"https:\/\/www.laurensoff.com\/wordpress\/wp-json\/wp\/v2\/posts\/1201\/revisions\/1208"}],"wp:featuredmedia":[{"embeddable":true,"href":"https:\/\/www.laurensoff.com\/wordpress\/wp-json\/wp\/v2\/media\/1203"}],"wp:attachment":[{"href":"https:\/\/www.laurensoff.com\/wordpress\/wp-json\/wp\/v2\/media?parent=1201"}],"wp:term":[{"taxonomy":"category","embeddable":true,"href":"https:\/\/www.laurensoff.com\/wordpress\/wp-json\/wp\/v2\/categories?post=1201"},{"taxonomy":"post_tag","embeddable":true,"href":"https:\/\/www.laurensoff.com\/wordpress\/wp-json\/wp\/v2\/tags?post=1201"}],"curies":[{"name":"wp","href":"https:\/\/api.w.org\/{rel}","templated":true}]}}