{"id":1175,"date":"2025-11-18T14:29:57","date_gmt":"2025-11-18T13:29:57","guid":{"rendered":"https:\/\/www.laurensoff.com\/wordpress\/?p=1175"},"modified":"2025-11-18T14:29:57","modified_gmt":"2025-11-18T13:29:57","slug":"aujourdhui-le-festival-de-cannes-est-le-plus-grand-evenement-cinematographique-du-monde-depuis-1939","status":"publish","type":"post","link":"https:\/\/www.laurensoff.com\/wordpress\/aujourdhui-le-festival-de-cannes-est-le-plus-grand-evenement-cinematographique-du-monde-depuis-1939\/","title":{"rendered":"Aujourd&rsquo;hui, le Festival de Cannes est le plus grand \u00e9v\u00e9nement cin\u00e9matographique du monde depuis 1939"},"content":{"rendered":"<h2 class=\"ametys-richtext-title-1\"><img loading=\"lazy\" decoding=\"async\" class=\"alignnone \" src=\"https:\/\/www.cannes.com\/_object\/ametys-internal%253Asites\/www\/ametys-internal%253Acontents\/nouvel-article-537\/_attribute\/illustration\/image\/bandeau-histoire-festival-cannes.jpg\" width=\"560\" height=\"146\" \/><\/h2>\n<h2 class=\"ametys-richtext-title-1\">La naissance du Festival de Cannes en 1939<\/h2>\n<div class=\"excerpt\">Aujourd&rsquo;hui, le Festival de Cannes est le plus grand \u00e9v\u00e9nement cin\u00e9matographique du monde alors qu&rsquo;il y a \u00e0 peine quelques d\u00e9cennies, en 1939, il n&rsquo;\u00e9tait qu&rsquo;un modeste festival cr\u00e9\u00e9 pour s&rsquo;opposer \u00e0 la Biennale de cin\u00e9ma v\u00e9nitienne et \u00e0 son organisation prise en main par Mussolini et Hitler<a name=\"N1003A\"><\/a>\n<\/div>\n<h3 class=\"ametys-richtext-title-2\">La cr\u00e9ation d\u2019un festival contre la menace fasciste<\/h3>\n<p>Curieux destin d\u00fb au hasard de l&rsquo;histoire et aux talents des hommes qui ont su l&rsquo;imposer et, dans un m\u00eame temps, ont \u00e9lev\u00e9 Cannes au rang de capitale mondiale du Septi\u00e8me art. Ainsi, on doit la cr\u00e9ation du Festival cannois \u00e0 un encha\u00eenement d&rsquo;\u00e9v\u00e9nements politiques, \u00e0 la veille de la Deuxi\u00e8me Guerre mondiale, dont le point de d\u00e9part est la VI<sup>e<\/sup> \u00e9dition de l&rsquo;Exposition de Venise en juillet 1938 ; cette ann\u00e9e-l\u00e0, la France, est repr\u00e9sent\u00e9e par une s\u00e9lection de films et, dans le jury de la Mostra, par le diplomate Philippe Erlanger et le journaliste Ren\u00e9 Jeanne.<a name=\"N10042\"><\/a><\/p>\n<h3 class=\"ametys-richtext-title-2\">Et tout commence \u00e0 Venise en 1938<\/h3>\n<p>Le Festival de Venise, cr\u00e9\u00e9e en 1932, offre au monde son premier concours international d\u00e9di\u00e9 au cin\u00e9ma et, aux pays participants, une occasion de rencontrer et de comparer leur savoir-faire.<\/p>\n<p>Pour un moment, la Mostra s&rsquo;impose comme la grande f\u00eate du cin\u00e9ma mondial mais bient\u00f4t, l&rsquo;influence allemande s&rsquo;immisce dans la politique italienne et dans le palmar\u00e8s de cette Biennale d&rsquo;art. En 1937, Adolf Hitler apprend que les films allemands n&rsquo;ont re\u00e7u aucune r\u00e9compense importante et que le Prix du jury est attribu\u00e9 \u00e0 La Grande illusion de Jean Renoir. Le succ\u00e8s remport\u00e9 par ce film pacifiste d\u00e9pla\u00eet au chef allemand qui d\u00e9cide, pour l&rsquo;\u00e9dition suivante, de s&rsquo;entendre avec son homologue italien afin de dicter l&rsquo;attribution des r\u00e9compenses.<\/p>\n<p>La Mostra ouvre de nouveau ses portes en septembre 1938. Le jour de la cl\u00f4ture, le jury se r\u00e9unit pour d\u00e9cider du palmar\u00e8s ; l&rsquo;unanimit\u00e9 se fait sur un film am\u00e9ricain mais, Hitler intervient. Ses ordres mena\u00e7ants imposent aux jur\u00e9s repr\u00e9sentant les satellites de l&rsquo;Axe de revenir sur leur choix. Le chef allemand parvient ainsi \u00e0 faire modifier le palmar\u00e8s quelques heures avant l&rsquo;annonce des r\u00e9sultats. Le documentaire de propagande nazie, <em>Les Dieux du stade<\/em> (Olympia film) de Leni Riefenstahl et le film italien <em>Luciano Serra, pilote<\/em> (Luciano Serra, pilota) de Goffredo Alessandrini re\u00e7oivent la Coupe Mussolini, plus haute r\u00e9compense de la manifestation. Toute cette agitation trouble les membres du jury repr\u00e9sentants des d\u00e9mocraties ; certains d&rsquo;ailleurs donnent leur d\u00e9mission avant m\u00eame la proclamation des prix. Froiss\u00e9s et extr\u00eamement d\u00e9\u00e7us de l&rsquo;attitude italienne, les repr\u00e9sentants de la France, des \u00c9tats-Unis et de la Grande-Bretagne quittent la Mostra et sont bien d\u00e9cid\u00e9s \u00e0 ne plus y revenir.<\/p>\n<p>Apr\u00e8s un moment d&rsquo;inqui\u00e9tude, maisons de production et minist\u00e8res d\u00e9di\u00e9s au cin\u00e9ma r\u00e9agissent. La Suisse et la Belgique envisagent d\u00e9sormais, par la cr\u00e9ation d&rsquo;une biennale de cin\u00e9ma, de succ\u00e9der \u00e0 Venise.<\/p>\n<p>Dans le train qui le ram\u00e8ne en France, Philippe Erlanger, encore sous le choc des \u00e9v\u00e9nements v\u00e9nitiens, pense d\u00e9j\u00e0 \u00e0 organiser une manifestation en remplacement de la Mostra pour donner au monde un festival libre, sans pression ni contrainte. D\u00e8s son retour, il contacte les autorit\u00e9s concern\u00e9es et ne tarde pas \u00e0 leur pr\u00e9senter un projet. Le temps presse pour mettre en place un festival fran\u00e7ais capable de concurrencer le prochain concours v\u00e9nitien.<br \/>\nAvec l&rsquo;approbation de Jean Zay, ministre de l&rsquo;\u00c9ducation nationale, et celle d&rsquo;Albert Sarraut, ministre de l&rsquo;Int\u00e9rieur, l&rsquo;id\u00e9e d&rsquo;une manifestation fran\u00e7aise consacr\u00e9e au cin\u00e9ma prend un caract\u00e8re officiel.<\/p>\n<p><img loading=\"lazy\" decoding=\"async\" class=\"alignnone size-full\" src=\"https:\/\/www.cannes.com\/_object\/ametys-internal%253Asites\/www\/ametys-internal%253Acontents\/nouvel-article-537\/_attribute\/illustration\/image\/bandeau-histoire-festival-cannes.jpg\" width=\"1920\" height=\"500\" \/><\/p>\n","protected":false},"excerpt":{"rendered":"<p>La naissance du Festival de Cannes en 1939 Aujourd&rsquo;hui, le Festival de Cannes est le&#8230;<\/p>\n","protected":false},"author":1,"featured_media":1176,"comment_status":"open","ping_status":"closed","sticky":false,"template":"","format":"standard","meta":{"_bbp_topic_count":0,"_bbp_reply_count":0,"_bbp_total_topic_count":0,"_bbp_total_reply_count":0,"_bbp_voice_count":0,"_bbp_anonymous_reply_count":0,"_bbp_topic_count_hidden":0,"_bbp_reply_count_hidden":0,"_bbp_forum_subforum_count":0,"_crdt_document":"","_jetpack_memberships_contains_paid_content":false,"footnotes":"","jetpack_publicize_message":"","jetpack_publicize_feature_enabled":true,"jetpack_social_post_already_shared":true,"jetpack_social_options":{"image_generator_settings":{"template":"highway","default_image_id":0,"font":"","enabled":false},"version":2}},"categories":[344,361,5,551,86],"tags":[635,638,639,636,637],"class_list":["post-1175","post","type-post","status-publish","format-standard","has-post-thumbnail","hentry","category-artiste","category-cannes","category-cinema","category-elections","category-festival","tag-cannes","tag-competition","tag-croisette","tag-festival-de-cannes-2026","tag-films"],"jetpack_publicize_connections":[],"jetpack_featured_media_url":"https:\/\/www.laurensoff.com\/wordpress\/wp-content\/uploads\/2025\/11\/cannes-film-festival-placeholder-2.webp","jetpack_sharing_enabled":true,"_links":{"self":[{"href":"https:\/\/www.laurensoff.com\/wordpress\/wp-json\/wp\/v2\/posts\/1175","targetHints":{"allow":["GET"]}}],"collection":[{"href":"https:\/\/www.laurensoff.com\/wordpress\/wp-json\/wp\/v2\/posts"}],"about":[{"href":"https:\/\/www.laurensoff.com\/wordpress\/wp-json\/wp\/v2\/types\/post"}],"author":[{"embeddable":true,"href":"https:\/\/www.laurensoff.com\/wordpress\/wp-json\/wp\/v2\/users\/1"}],"replies":[{"embeddable":true,"href":"https:\/\/www.laurensoff.com\/wordpress\/wp-json\/wp\/v2\/comments?post=1175"}],"version-history":[{"count":1,"href":"https:\/\/www.laurensoff.com\/wordpress\/wp-json\/wp\/v2\/posts\/1175\/revisions"}],"predecessor-version":[{"id":1177,"href":"https:\/\/www.laurensoff.com\/wordpress\/wp-json\/wp\/v2\/posts\/1175\/revisions\/1177"}],"wp:featuredmedia":[{"embeddable":true,"href":"https:\/\/www.laurensoff.com\/wordpress\/wp-json\/wp\/v2\/media\/1176"}],"wp:attachment":[{"href":"https:\/\/www.laurensoff.com\/wordpress\/wp-json\/wp\/v2\/media?parent=1175"}],"wp:term":[{"taxonomy":"category","embeddable":true,"href":"https:\/\/www.laurensoff.com\/wordpress\/wp-json\/wp\/v2\/categories?post=1175"},{"taxonomy":"post_tag","embeddable":true,"href":"https:\/\/www.laurensoff.com\/wordpress\/wp-json\/wp\/v2\/tags?post=1175"}],"curies":[{"name":"wp","href":"https:\/\/api.w.org\/{rel}","templated":true}]}}