{"id":1086,"date":"2025-11-04T21:49:32","date_gmt":"2025-11-04T20:49:32","guid":{"rendered":"https:\/\/www.laurensoff.com\/wordpress\/?p=1086"},"modified":"2025-11-04T21:51:23","modified_gmt":"2025-11-04T20:51:23","slug":"pour-sa-28e-edition-la-fete-du-livre-du-var-sinstalle-en-plein-centre-historique-de-toulon-au-palais-neptune","status":"publish","type":"post","link":"https:\/\/www.laurensoff.com\/wordpress\/pour-sa-28e-edition-la-fete-du-livre-du-var-sinstalle-en-plein-centre-historique-de-toulon-au-palais-neptune\/","title":{"rendered":"Pour sa 28e \u00e9dition, la F\u00eate du livre du Var s\u2019installe en plein centre historique de Toulon, au Palais Neptune !"},"content":{"rendered":"<p><span class=\"x193iq5w xeuugli x13faqbe x1vvkbs x1xmvt09 x1lliihq x1s928wv xhkezso x1gmr53x x1cpjm7i x1fgarty x1943h6x xudqn12 x3x7a5m x6prxxf xvq8zen xo1l8bm xzsf02u\" dir=\"auto\">Pour sa 28e \u00e9dition, la F\u00eate du livre du Var s\u2019installe en plein centre historique de Toulon, au Palais Neptune ! Un nouvel \u00e9crin pour une volont\u00e9 inchang\u00e9e : faire vivre la litt\u00e9rature sous toutes ses formes et pour tous les publics \u2013 adultes, ados, enfants \u2013 durant trois jours, rencontrer des autrices et des auteurs lors de tables rondes, de grands entretiens et de s\u00e9ances de d\u00e9dicaces, participer \u00e0 des ateliers d\u2019\u00e9criture et de dessin, tester ses connaissances au cours de quiz&#8230;<br class=\"html-br\" \/>Comme chaque ann\u00e9e, des dizaines de stands tenus par 17 libraires du Var avides de partage accueillent pr\u00e8s de 350 autrices et auteurs de litt\u00e9rature g\u00e9n\u00e9rale, de non-fiction, de bande dessin\u00e9e et de litt\u00e9rature jeunesse.<br class=\"html-br\" \/>Plac\u00e9e sous le signe de l\u2019\u00e9mancipation de la femme, cette \u00e9dition a pour pr\u00e9sidente d\u2019honneur Aur\u00e9lie Valognes, dont l\u2019\u00e9criture engag\u00e9e s\u2019adresse aux adultes et aux enfants. L\u2019autrice de M\u00e9m\u00e9 dans les orties (2014), N\u00e9 sous une bonne \u00e9toile (2020) ou encore du r\u00e9cent La Fugue (2025) est accompagn\u00e9e d\u2019Anne Berest, Mathias Malzieu et \u00c9ric-Emmanuel Schmitt, pr\u00e9sents en tant qu\u2019invit\u00e9s d\u2019honneur. Suivant sa ligne th\u00e9matique, la F\u00eate du livre du Var choisit de rendre hommage \u00e0 Fran\u00e7oise Sagan, autrice patrimoniale 2025. De nombreux \u00e9v\u00e9nements lui sont consacr\u00e9s le long des trois jours, entre exposition monographique, rencontres d\u00e9di\u00e9es \u00e0 son \u0153uvre et lectures publiques permettant de plonger dans sa langue tranchante et dentel\u00e9e.<br class=\"html-br\" \/>Retrouvez toutes les infos sur <a class=\"x1i10hfl xjbqb8w x1ejq31n x18oe1m7 x1sy0etr xstzfhl x972fbf x10w94by x1qhh985 x14e42zd x9f619 x1ypdohk xt0psk2 x3ct3a4 xdj266r x14z9mp xat24cr x1lziwak xexx8yu xyri2b x18d9i69 x1c1uobl x16tdsg8 x1hl2dhg xggy1nq x1a2a7pz xkrqix3 x1sur9pj x1fey0fg x1s688f\" tabindex=\"0\" role=\"link\" href=\"https:\/\/l.facebook.com\/l.php?u=https%3A%2F%2Ffetedulivreduvar.fr%2F%3Ffbclid%3DIwZXh0bgNhZW0CMTAAYnJpZBEwcUdaUGF3M0xuN0FSVk1NQQEe6GT1Rn9PpdCSGvjruLMczUbQBSuu44hdXk67cq7sGC-6LHaaOztujdkTAEs_aem_EaqJdy56rAvqfSp5bZIgdQ&amp;h=AT3CmJzZg7PeMQQQjOuHc_iNl6oJGJSHu52yfBBbYsOT24zuoSePRM-IzdjXq8vzCk81Zu974NiC4EMC3nrCfxCwfaMVIkw_0z8l4qhIN4d6eVyV8hHKC8oAHydQ-TMXMoEypc9B5lx6khh-&amp;__tn__=q&amp;c[0]=AT2HTlbSH-IEOS2qpIEeLQoI4fx7yDYKpWcAy-9cbfT4WY6UDjRritxlvgRDCq66eoK19ufOoBldu_yQcjGOkdErnew-dZfXnv81QMOSFTB0VUUjXUiGfiDmSDcQW2m6CX80DBI0LTJ0wh1IHqgWdBjCnbJus527KkU\" target=\"_blank\" rel=\"nofollow noopener noreferrer\">https:\/\/fetedulivreduvar.fr\/<\/a> <\/span><\/p>\n","protected":false},"excerpt":{"rendered":"<p>Pour sa 28e \u00e9dition, la F\u00eate du livre du Var s\u2019installe en plein centre historique&#8230;<\/p>\n","protected":false},"author":1,"featured_media":1087,"comment_status":"open","ping_status":"closed","sticky":false,"template":"","format":"standard","meta":{"_bbp_topic_count":0,"_bbp_reply_count":0,"_bbp_total_topic_count":0,"_bbp_total_reply_count":0,"_bbp_voice_count":0,"_bbp_anonymous_reply_count":0,"_bbp_topic_count_hidden":0,"_bbp_reply_count_hidden":0,"_bbp_forum_subforum_count":0,"_crdt_document":"","_jetpack_memberships_contains_paid_content":false,"footnotes":"","jetpack_publicize_message":"","jetpack_publicize_feature_enabled":true,"jetpack_social_post_already_shared":true,"jetpack_social_options":{"image_generator_settings":{"template":"highway","default_image_id":0,"font":"","enabled":false},"version":2}},"categories":[373,562,173,166],"tags":[567,565,566,564,563,96,274],"class_list":["post-1086","post","type-post","status-publish","format-standard","has-post-thumbnail","hentry","category-salon-du-livre","category-toulon","category-var","category-ville","tag-567","tag-aurelie-valognes","tag-departement-du-var","tag-ees","tag-fete-du-livre","tag-toulon","tag-var"],"jetpack_publicize_connections":[],"jetpack_featured_media_url":"https:\/\/www.laurensoff.com\/wordpress\/wp-content\/uploads\/2025\/11\/574853663_1241887024639701_3457475582105948841_n.jpg","jetpack_sharing_enabled":true,"_links":{"self":[{"href":"https:\/\/www.laurensoff.com\/wordpress\/wp-json\/wp\/v2\/posts\/1086","targetHints":{"allow":["GET"]}}],"collection":[{"href":"https:\/\/www.laurensoff.com\/wordpress\/wp-json\/wp\/v2\/posts"}],"about":[{"href":"https:\/\/www.laurensoff.com\/wordpress\/wp-json\/wp\/v2\/types\/post"}],"author":[{"embeddable":true,"href":"https:\/\/www.laurensoff.com\/wordpress\/wp-json\/wp\/v2\/users\/1"}],"replies":[{"embeddable":true,"href":"https:\/\/www.laurensoff.com\/wordpress\/wp-json\/wp\/v2\/comments?post=1086"}],"version-history":[{"count":1,"href":"https:\/\/www.laurensoff.com\/wordpress\/wp-json\/wp\/v2\/posts\/1086\/revisions"}],"predecessor-version":[{"id":1088,"href":"https:\/\/www.laurensoff.com\/wordpress\/wp-json\/wp\/v2\/posts\/1086\/revisions\/1088"}],"wp:featuredmedia":[{"embeddable":true,"href":"https:\/\/www.laurensoff.com\/wordpress\/wp-json\/wp\/v2\/media\/1087"}],"wp:attachment":[{"href":"https:\/\/www.laurensoff.com\/wordpress\/wp-json\/wp\/v2\/media?parent=1086"}],"wp:term":[{"taxonomy":"category","embeddable":true,"href":"https:\/\/www.laurensoff.com\/wordpress\/wp-json\/wp\/v2\/categories?post=1086"},{"taxonomy":"post_tag","embeddable":true,"href":"https:\/\/www.laurensoff.com\/wordpress\/wp-json\/wp\/v2\/tags?post=1086"}],"curies":[{"name":"wp","href":"https:\/\/api.w.org\/{rel}","templated":true}]}}