{"id":1072,"date":"2025-11-03T20:32:14","date_gmt":"2025-11-03T19:32:14","guid":{"rendered":"https:\/\/www.laurensoff.com\/wordpress\/?p=1072"},"modified":"2025-11-09T15:20:50","modified_gmt":"2025-11-09T14:20:50","slug":"photo-22e-brocante-photo-et-cinema-le-grand-zoom-%f0%9f%93%b8","status":"publish","type":"post","link":"https:\/\/www.laurensoff.com\/wordpress\/photo-22e-brocante-photo-et-cinema-le-grand-zoom-%f0%9f%93%b8\/","title":{"rendered":"PHOTO | 22e Brocante Photo et Cin\u00e9ma \u2013 Le Grand Zoom \ud83d\udcf8"},"content":{"rendered":"<div class=\"xdj266r x14z9mp xat24cr x1lziwak x1vvkbs\">PHOTO | 22e Brocante Photo et Cin\u00e9ma \u2013 Le Grand Zoom <span class=\"html-span xexx8yu xyri2b x18d9i69 x1c1uobl x1hl2dhg x16tdsg8 x1vvkbs x3nfvp2 x1j61x8r x1fcty0u xdj266r xat24cr xm2jcoa x1mpyi22 xxymvpz xlup9mm x1kky2od\"><img loading=\"lazy\" decoding=\"async\" class=\"xz74otr x15mokao x1ga7v0g x16uus16 xbiv7yw\" src=\"https:\/\/static.xx.fbcdn.net\/images\/emoji.php\/v9\/tde\/1\/16\/1f4f8.png\" alt=\"\ud83d\udcf8\" width=\"16\" height=\"16\" \/><\/span><\/div>\n<div class=\"x14z9mp xat24cr x1lziwak x1vvkbs xtlvy1s\">La Ciotat accueille le 9 novembre 2025 la 22e Brocante Photo et Cin\u00e9ma, organis\u00e9e par le Cin\u00e9-Club Amateur de Provence et les Amis de Michel Simon.<\/div>\n<div class=\"x14z9mp xat24cr x1lziwak x1vvkbs xtlvy1s\">Un rendez-vous incontournable pour tous les passionn\u00e9s d\u2019image et de cin\u00e9ma, entre \u00e9changes, d\u00e9couvertes et convivialit\u00e9 <span class=\"html-span xexx8yu xyri2b x18d9i69 x1c1uobl x1hl2dhg x16tdsg8 x1vvkbs x3nfvp2 x1j61x8r x1fcty0u xdj266r xat24cr xm2jcoa x1mpyi22 xxymvpz xlup9mm x1kky2od\"><img loading=\"lazy\" decoding=\"async\" class=\"xz74otr x15mokao x1ga7v0g x16uus16 xbiv7yw\" src=\"https:\/\/static.xx.fbcdn.net\/images\/emoji.php\/v9\/tf4\/1\/16\/2728.png\" alt=\"\u2728\" width=\"16\" height=\"16\" \/><\/span><\/div>\n<div>TV SUD \/ PHOTO | 22e Brocante Photo et <span class=\"x1xsqp64 xiy17q3 x1o6pynw x19co3pv xdj266r xjn30re xat24cr x1hb08if x2b8uid\" data-testid=\"emoji\"><span class=\"xexx8yu xcaqkgz x18d9i69 xbwkkl7 x3jgonx x1bhl96m\">\ud83c\udfa5<\/span><\/span>Cin\u00e9ma \u2013 Le Grand Zoom <span class=\"x1xsqp64 xiy17q3 x1o6pynw x19co3pv xdj266r xjn30re xat24cr x1hb08if x2b8uid\" data-testid=\"emoji\"><span class=\"xexx8yu xcaqkgz x18d9i69 xbwkkl7 x3jgonx x1bhl96m\">\ud83d\udcf8<\/span><\/span> Salle Paul Eluard \u00e0 La Ciotat <a class=\"x1fey0fg xmper1u x1edh9d7\" href=\"https:\/\/youtu.be\/BpJtrq2CtiE\">https:\/\/youtu.be\/BpJtrq2CtiE<\/a><\/div>\n","protected":false},"excerpt":{"rendered":"<p>PHOTO | 22e Brocante Photo et Cin\u00e9ma \u2013 Le Grand Zoom La Ciotat accueille le&#8230;<\/p>\n","protected":false},"author":1,"featured_media":1073,"comment_status":"open","ping_status":"closed","sticky":false,"template":"","format":"standard","meta":{"_bbp_topic_count":0,"_bbp_reply_count":0,"_bbp_total_topic_count":0,"_bbp_total_reply_count":0,"_bbp_voice_count":0,"_bbp_anonymous_reply_count":0,"_bbp_topic_count_hidden":0,"_bbp_reply_count_hidden":0,"_bbp_forum_subforum_count":0,"_crdt_document":"","_jetpack_memberships_contains_paid_content":false,"footnotes":"","jetpack_publicize_message":"","jetpack_publicize_feature_enabled":true,"jetpack_social_post_already_shared":true,"jetpack_social_options":{"image_generator_settings":{"template":"highway","default_image_id":0,"font":"","enabled":false},"version":2}},"categories":[558,16,163,239,4],"tags":[559],"class_list":["post-1072","post","type-post","status-publish","format-standard","has-post-thumbnail","hentry","category-brocante","category-exposition","category-la-ciotat","category-photo","category-sortie","tag-cine-club"],"jetpack_publicize_connections":[],"jetpack_featured_media_url":"https:\/\/www.laurensoff.com\/wordpress\/wp-content\/uploads\/2025\/11\/557416889_1118282613832501_4053890422576101304_n.jpeg","jetpack_sharing_enabled":true,"_links":{"self":[{"href":"https:\/\/www.laurensoff.com\/wordpress\/wp-json\/wp\/v2\/posts\/1072","targetHints":{"allow":["GET"]}}],"collection":[{"href":"https:\/\/www.laurensoff.com\/wordpress\/wp-json\/wp\/v2\/posts"}],"about":[{"href":"https:\/\/www.laurensoff.com\/wordpress\/wp-json\/wp\/v2\/types\/post"}],"author":[{"embeddable":true,"href":"https:\/\/www.laurensoff.com\/wordpress\/wp-json\/wp\/v2\/users\/1"}],"replies":[{"embeddable":true,"href":"https:\/\/www.laurensoff.com\/wordpress\/wp-json\/wp\/v2\/comments?post=1072"}],"version-history":[{"count":2,"href":"https:\/\/www.laurensoff.com\/wordpress\/wp-json\/wp\/v2\/posts\/1072\/revisions"}],"predecessor-version":[{"id":1145,"href":"https:\/\/www.laurensoff.com\/wordpress\/wp-json\/wp\/v2\/posts\/1072\/revisions\/1145"}],"wp:featuredmedia":[{"embeddable":true,"href":"https:\/\/www.laurensoff.com\/wordpress\/wp-json\/wp\/v2\/media\/1073"}],"wp:attachment":[{"href":"https:\/\/www.laurensoff.com\/wordpress\/wp-json\/wp\/v2\/media?parent=1072"}],"wp:term":[{"taxonomy":"category","embeddable":true,"href":"https:\/\/www.laurensoff.com\/wordpress\/wp-json\/wp\/v2\/categories?post=1072"},{"taxonomy":"post_tag","embeddable":true,"href":"https:\/\/www.laurensoff.com\/wordpress\/wp-json\/wp\/v2\/tags?post=1072"}],"curies":[{"name":"wp","href":"https:\/\/api.w.org\/{rel}","templated":true}]}}