{"id":102,"date":"2025-08-14T14:44:40","date_gmt":"2025-08-14T14:44:40","guid":{"rendered":"https:\/\/www.laurensoff.com\/wordpress\/?p=102"},"modified":"2025-08-14T14:44:40","modified_gmt":"2025-08-14T14:44:40","slug":"ville-de-saint-cyr-sur-mer-fete-des-lecques-2025","status":"publish","type":"post","link":"https:\/\/www.laurensoff.com\/wordpress\/ville-de-saint-cyr-sur-mer-fete-des-lecques-2025\/","title":{"rendered":"Ville de Saint Cyr sur Mer &#8211; F\u00caTE DES LECQUES ! 2025"},"content":{"rendered":"<div class=\"html-div xdj266r x14z9mp xat24cr x1lziwak xexx8yu xyri2b x18d9i69 x1c1uobl\" dir=\"auto\">\n<div class=\"html-div xdj266r x14z9mp xat24cr x1lziwak xexx8yu xyri2b x18d9i69 x1c1uobl\" data-ad-rendering-role=\"story_message\">\n<div id=\"_r_ac_\" class=\"x1l90r2v x1iorvi4 x1g0dm76 xpdmqnj\" data-ad-comet-preview=\"message\" data-ad-preview=\"message\">\n<div class=\"x78zum5 xdt5ytf xz62fqu x16ldp7u\">\n<div class=\"xu06os2 x1ok221b\">\n<div class=\"html-div xdj266r x14z9mp xat24cr x1lziwak xexx8yu xyri2b x18d9i69 x1c1uobl\">\n<div class=\"xdj266r x14z9mp xat24cr x1lziwak x1vvkbs x126k92a\">\n<div dir=\"auto\"><strong>F\u00caTE DES LECQUES !<\/strong><\/div>\n<\/div>\n<div class=\"x14z9mp xat24cr x1lziwak x1vvkbs xtlvy1s x126k92a\">\n<div dir=\"auto\">Votre journ\u00e9e du vendredi 15 ao\u00fbt<\/div>\n<\/div>\n<div class=\"x14z9mp xat24cr x1lziwak x1vvkbs xtlvy1s x126k92a\">\n<ul>\n<li dir=\"auto\">22H &#8211; FEU D&rsquo;ARTIFICE<\/li>\n<\/ul>\n<div dir=\"auto\"><strong>Tir\u00e9 dans la baie<\/strong><\/div>\n<ul>\n<li dir=\"auto\">19H &#8211; VOLTIGE AERIENNE<\/li>\n<\/ul>\n<\/div>\n<div class=\"x14z9mp xat24cr x1lziwak x1vvkbs xtlvy1s x126k92a\">\n<div dir=\"auto\"><strong>Baie des Lecques<\/strong><\/div>\n<\/div>\n<div class=\"x14z9mp xat24cr x1lziwak x1vvkbs xtlvy1s x126k92a\">\n<ul>\n<li dir=\"auto\">10H30 &#8211; BENEDICTION EN MER DES BATEAUX<\/li>\n<\/ul>\n<div dir=\"auto\"><strong>Baie des Lecques<\/strong><\/div>\n<\/div>\n<div class=\"x14z9mp xat24cr x1lziwak x1vvkbs xtlvy1s x126k92a\">\n<ul>\n<li dir=\"auto\">9H30 &#8211; MESSE<\/li>\n<\/ul>\n<div dir=\"auto\"><strong>Promenade Amic, Vieux Port des Lecques<\/strong><\/div>\n<div dir=\"auto\"><\/div>\n<div dir=\"auto\"><em><a href=\"https:\/\/www.saintcyrsurmer.fr\">https:\/\/www.saintcyrsurmer.fr<\/a><\/em><\/div>\n<div dir=\"auto\"><\/div>\n<div dir=\"auto\"><img loading=\"lazy\" decoding=\"async\" class=\"alignnone  wp-image-103\" src=\"https:\/\/www.laurensoff.com\/wordpress\/wp-content\/uploads\/2025\/08\/520234370_1172698511567116_6240785444839609450_n-300x175.jpg\" alt=\"\" width=\"370\" height=\"216\" srcset=\"https:\/\/www.laurensoff.com\/wordpress\/wp-content\/uploads\/2025\/08\/520234370_1172698511567116_6240785444839609450_n-300x175.jpg 300w, https:\/\/www.laurensoff.com\/wordpress\/wp-content\/uploads\/2025\/08\/520234370_1172698511567116_6240785444839609450_n-600x350.jpg 600w, https:\/\/www.laurensoff.com\/wordpress\/wp-content\/uploads\/2025\/08\/520234370_1172698511567116_6240785444839609450_n-1024x598.jpg 1024w, https:\/\/www.laurensoff.com\/wordpress\/wp-content\/uploads\/2025\/08\/520234370_1172698511567116_6240785444839609450_n-768x448.jpg 768w, https:\/\/www.laurensoff.com\/wordpress\/wp-content\/uploads\/2025\/08\/520234370_1172698511567116_6240785444839609450_n-1536x896.jpg 1536w, https:\/\/www.laurensoff.com\/wordpress\/wp-content\/uploads\/2025\/08\/520234370_1172698511567116_6240785444839609450_n.jpg 2048w\" sizes=\"auto, (max-width: 370px) 100vw, 370px\" \/><\/div>\n<\/div>\n<\/div>\n<\/div>\n<\/div>\n<\/div>\n<\/div>\n<\/div>\n","protected":false},"excerpt":{"rendered":"<p>F\u00caTE DES LECQUES ! Votre journ\u00e9e du vendredi 15 ao\u00fbt 22H &#8211; FEU D&rsquo;ARTIFICE Tir\u00e9&#8230;<\/p>\n","protected":false},"author":1,"featured_media":103,"comment_status":"open","ping_status":"closed","sticky":false,"template":"","format":"standard","meta":{"_bbp_topic_count":0,"_bbp_reply_count":0,"_bbp_total_topic_count":0,"_bbp_total_reply_count":0,"_bbp_voice_count":0,"_bbp_anonymous_reply_count":0,"_bbp_topic_count_hidden":0,"_bbp_reply_count_hidden":0,"_bbp_forum_subforum_count":0,"_crdt_document":"","_jetpack_memberships_contains_paid_content":false,"footnotes":"","jetpack_publicize_message":"","jetpack_publicize_feature_enabled":true,"jetpack_social_post_already_shared":false,"jetpack_social_options":{"image_generator_settings":{"template":"highway","default_image_id":0,"font":"","enabled":false},"version":2}},"categories":[45],"tags":[],"class_list":["post-102","post","type-post","status-publish","format-standard","has-post-thumbnail","hentry","category-evenements"],"jetpack_publicize_connections":[],"jetpack_featured_media_url":"https:\/\/www.laurensoff.com\/wordpress\/wp-content\/uploads\/2025\/08\/520234370_1172698511567116_6240785444839609450_n.jpg","jetpack_sharing_enabled":true,"_links":{"self":[{"href":"https:\/\/www.laurensoff.com\/wordpress\/wp-json\/wp\/v2\/posts\/102","targetHints":{"allow":["GET"]}}],"collection":[{"href":"https:\/\/www.laurensoff.com\/wordpress\/wp-json\/wp\/v2\/posts"}],"about":[{"href":"https:\/\/www.laurensoff.com\/wordpress\/wp-json\/wp\/v2\/types\/post"}],"author":[{"embeddable":true,"href":"https:\/\/www.laurensoff.com\/wordpress\/wp-json\/wp\/v2\/users\/1"}],"replies":[{"embeddable":true,"href":"https:\/\/www.laurensoff.com\/wordpress\/wp-json\/wp\/v2\/comments?post=102"}],"version-history":[{"count":1,"href":"https:\/\/www.laurensoff.com\/wordpress\/wp-json\/wp\/v2\/posts\/102\/revisions"}],"predecessor-version":[{"id":104,"href":"https:\/\/www.laurensoff.com\/wordpress\/wp-json\/wp\/v2\/posts\/102\/revisions\/104"}],"wp:featuredmedia":[{"embeddable":true,"href":"https:\/\/www.laurensoff.com\/wordpress\/wp-json\/wp\/v2\/media\/103"}],"wp:attachment":[{"href":"https:\/\/www.laurensoff.com\/wordpress\/wp-json\/wp\/v2\/media?parent=102"}],"wp:term":[{"taxonomy":"category","embeddable":true,"href":"https:\/\/www.laurensoff.com\/wordpress\/wp-json\/wp\/v2\/categories?post=102"},{"taxonomy":"post_tag","embeddable":true,"href":"https:\/\/www.laurensoff.com\/wordpress\/wp-json\/wp\/v2\/tags?post=102"}],"curies":[{"name":"wp","href":"https:\/\/api.w.org\/{rel}","templated":true}]}}